
{"id":12191,"date":"2022-01-12T18:36:02","date_gmt":"2022-01-12T18:36:02","guid":{"rendered":"https:\/\/seysvastgoed.be\/vivre-en-bord-de-mer-le-littoral-occidental\/"},"modified":"2022-01-12T18:36:03","modified_gmt":"2022-01-12T18:36:03","slug":"vivre-en-bord-de-mer-le-littoral-occidental","status":"publish","type":"post","link":"https:\/\/seysvastgoed.be\/fr\/vivre-en-bord-de-mer-le-littoral-occidental","title":{"rendered":"Vivre en bord de mer \u2013 le littoral occidental"},"content":{"rendered":"\n<p>La c\u00f4te belge regorge de tr\u00e9sors. Au d\u00e9tour de votre recherche du bien id\u00e9al, d\u00e9couvrez les atouts uniques de chaque commune du littoral. <\/p>\n\n<h2 class=\"wp-block-heading\">Nieuport\u00a0: un foyer \u00e9l\u00e9gant dans un cadre maritime<\/h2>\n\n<p>Comment d\u00e9crire au mieux cette commune c\u00f4ti\u00e8re dynamique qui marie parfaitement le pass\u00e9 et le pr\u00e9sent ? Cette station baln\u00e9aire n\u2019est pas seulement le plus grand port de plaisance d\u2019Europe du Nord, elle se distingue aussi par le r\u00f4le crucial qu\u2019elle a jou\u00e9 dans l\u2019histoire de la c\u00f4te belge. <\/p>\n\n<p>Nieuport est l\u2019endroit id\u00e9al pour respirer le grand air le long de la digue, surfer sur le bassin d\u2019\u00e9pargne et s\u2019attabler dans l\u2019une des nombreuses bonnes adresses pour d\u00e9guster un d\u00e9licieux repas. <\/p>\n\n<h2 class=\"wp-block-heading\">La Panne\u00a0: une vie paisible avec vue sur mer<\/h2>\n\n<p>Situ\u00e9e en bordure de la fronti\u00e8re fran\u00e7aise, La Panne a bien plus \u00e0 offrir que son c\u00e9l\u00e8bre parc Plopsaland. Cette cit\u00e9 c\u00f4ti\u00e8re unique en son genre abrite des plages magnifiques, une nature g\u00e9n\u00e9reuse et une abondance de magasins et restaurants. Elle est l\u2019endroit id\u00e9al pour se sentir en vacances 365 jours par an. <\/p>\n\n<h2 class=\"wp-block-heading\">Coxyde-Oostduinkerke\u00a0: habitez dans une station baln\u00e9aire des plus populaires<\/h2>\n\n<p>Entre les c\u00e9l\u00e8bres p\u00eacheurs de crevettes \u00e0 cheval et les diff\u00e9rentes parades, le folklore n\u2019est jamais loin \u00e0 Coxyde et Oostduinkerke. <\/p>\n\n<p>Pas \u00e9tonnant que ces communes soient depuis toujours pl\u00e9biscit\u00e9es par les acqu\u00e9reurs de r\u00e9sidences secondaires. \u00c0 travers un large \u00e9ventail d\u2019activit\u00e9s, elles cr\u00e9ent un \u00e9cosyst\u00e8me unique, garant d\u2019une excellente qualit\u00e9 de vie. Elles offrent en outre un vaste choix de biens immobiliers dans diff\u00e9rentes gammes de prix. <\/p>\n\n<p>Le littoral occidental regorge de tr\u00e9sors capables de satisfaire les go\u00fbts et envies de chacun. Il y fait agr\u00e9ablement calme et la r\u00e9gion jouit d\u2019un microclimat qui la baigne dans davantage de soleil. Bref, il s\u2019agit de l\u2019endroit r\u00eav\u00e9 pour les amoureux de tranquillit\u00e9 et de nature. <\/p>\n\n<p>Vous souhaitez acqu\u00e9rir un bien en bord de mer ? Contactez-nous sans tarder pour que nous organisions une visite. <\/p>\n","protected":false},"excerpt":{"rendered":"<p>La c\u00f4te belge regorge de tr\u00e9sors. Au d\u00e9tour de votre recherche du bien id\u00e9al, d\u00e9couvrez les atouts uniques de chaque commune du littoral. <\/p>\n","protected":false},"author":2,"featured_media":10000,"comment_status":"open","ping_status":"open","sticky":false,"template":"","format":"standard","meta":{"footnotes":""},"categories":[11],"tags":[],"class_list":["post-12191","post","type-post","status-publish","format-standard","has-post-thumbnail","hentry","category-non-classifiee"],"yoast_head":"<!-- This site is optimized with the Yoast SEO plugin v26.9 - https:\/\/yoast.com\/product\/yoast-seo-wordpress\/ -->\n<title>Vivre en bord de mer \u2013 le littoral occidental - Seys Vastgoed<\/title>\n<meta name=\"robots\" content=\"index, follow, max-snippet:-1, max-image-preview:large, max-video-preview:-1\" \/>\n<link rel=\"canonical\" href=\"https:\/\/seysvastgoed.be\/fr\/vivre-en-bord-de-mer-le-littoral-occidental\" \/>\n<meta property=\"og:locale\" content=\"fr_FR\" \/>\n<meta property=\"og:type\" content=\"article\" \/>\n<meta property=\"og:title\" content=\"Vivre en bord de mer \u2013 le littoral occidental - Seys Vastgoed\" \/>\n<meta property=\"og:description\" content=\"La c\u00f4te belge regorge de tr\u00e9sors. Au d\u00e9tour de votre recherche du bien id\u00e9al, d\u00e9couvrez les atouts uniques de chaque commune du littoral.\" \/>\n<meta property=\"og:url\" content=\"https:\/\/seysvastgoed.be\/fr\/vivre-en-bord-de-mer-le-littoral-occidental\" \/>\n<meta property=\"og:site_name\" content=\"Seys Vastgoed\" \/>\n<meta property=\"article:published_time\" content=\"2022-01-12T18:36:02+00:00\" \/>\n<meta property=\"article:modified_time\" content=\"2022-01-12T18:36:03+00:00\" \/>\n<meta property=\"og:image\" content=\"https:\/\/seysvastgoed.be\/wp-content\/uploads\/2021\/09\/residentieel.webp\" \/>\n\t<meta property=\"og:image:width\" content=\"2000\" \/>\n\t<meta property=\"og:image:height\" content=\"1119\" \/>\n\t<meta property=\"og:image:type\" content=\"image\/webp\" \/>\n<meta name=\"author\" content=\"alexandra\" \/>\n<meta name=\"twitter:card\" content=\"summary_large_image\" \/>\n<meta name=\"twitter:label1\" content=\"\u00c9crit par\" \/>\n\t<meta name=\"twitter:data1\" content=\"alexandra\" \/>\n\t<meta name=\"twitter:label2\" content=\"Dur\u00e9e de lecture estim\u00e9e\" \/>\n\t<meta name=\"twitter:data2\" content=\"2 minutes\" \/>\n<script type=\"application\/ld+json\" class=\"yoast-schema-graph\">{\"@context\":\"https:\/\/schema.org\",\"@graph\":[{\"@type\":\"Article\",\"@id\":\"https:\/\/seysvastgoed.be\/fr\/vivre-en-bord-de-mer-le-littoral-occidental#article\",\"isPartOf\":{\"@id\":\"https:\/\/seysvastgoed.be\/fr\/vivre-en-bord-de-mer-le-littoral-occidental\"},\"author\":{\"name\":\"alexandra\",\"@id\":\"https:\/\/seysvastgoed.be\/#\/schema\/person\/22fd2bc16d7f2cfedf0c6d98f00cf1ed\"},\"headline\":\"Vivre en bord de mer \u2013 le littoral occidental\",\"datePublished\":\"2022-01-12T18:36:02+00:00\",\"dateModified\":\"2022-01-12T18:36:03+00:00\",\"mainEntityOfPage\":{\"@id\":\"https:\/\/seysvastgoed.be\/fr\/vivre-en-bord-de-mer-le-littoral-occidental\"},\"wordCount\":378,\"commentCount\":0,\"publisher\":{\"@id\":\"https:\/\/seysvastgoed.be\/#organization\"},\"image\":{\"@id\":\"https:\/\/seysvastgoed.be\/fr\/vivre-en-bord-de-mer-le-littoral-occidental#primaryimage\"},\"thumbnailUrl\":\"https:\/\/seysvastgoed.be\/wp-content\/uploads\/2021\/09\/residentieel.webp\",\"articleSection\":[\"Non classifi\u00e9(e)\"],\"inLanguage\":\"fr-FR\",\"potentialAction\":[{\"@type\":\"CommentAction\",\"name\":\"Comment\",\"target\":[\"https:\/\/seysvastgoed.be\/fr\/vivre-en-bord-de-mer-le-littoral-occidental#respond\"]}]},{\"@type\":\"WebPage\",\"@id\":\"https:\/\/seysvastgoed.be\/fr\/vivre-en-bord-de-mer-le-littoral-occidental\",\"url\":\"https:\/\/seysvastgoed.be\/fr\/vivre-en-bord-de-mer-le-littoral-occidental\",\"name\":\"Vivre en bord de mer \u2013 le littoral occidental - Seys Vastgoed\",\"isPartOf\":{\"@id\":\"https:\/\/seysvastgoed.be\/#website\"},\"primaryImageOfPage\":{\"@id\":\"https:\/\/seysvastgoed.be\/fr\/vivre-en-bord-de-mer-le-littoral-occidental#primaryimage\"},\"image\":{\"@id\":\"https:\/\/seysvastgoed.be\/fr\/vivre-en-bord-de-mer-le-littoral-occidental#primaryimage\"},\"thumbnailUrl\":\"https:\/\/seysvastgoed.be\/wp-content\/uploads\/2021\/09\/residentieel.webp\",\"datePublished\":\"2022-01-12T18:36:02+00:00\",\"dateModified\":\"2022-01-12T18:36:03+00:00\",\"breadcrumb\":{\"@id\":\"https:\/\/seysvastgoed.be\/fr\/vivre-en-bord-de-mer-le-littoral-occidental#breadcrumb\"},\"inLanguage\":\"fr-FR\",\"potentialAction\":[{\"@type\":\"ReadAction\",\"target\":[\"https:\/\/seysvastgoed.be\/fr\/vivre-en-bord-de-mer-le-littoral-occidental\"]}]},{\"@type\":\"ImageObject\",\"inLanguage\":\"fr-FR\",\"@id\":\"https:\/\/seysvastgoed.be\/fr\/vivre-en-bord-de-mer-le-littoral-occidental#primaryimage\",\"url\":\"https:\/\/seysvastgoed.be\/wp-content\/uploads\/2021\/09\/residentieel.webp\",\"contentUrl\":\"https:\/\/seysvastgoed.be\/wp-content\/uploads\/2021\/09\/residentieel.webp\",\"width\":2000,\"height\":1119},{\"@type\":\"BreadcrumbList\",\"@id\":\"https:\/\/seysvastgoed.be\/fr\/vivre-en-bord-de-mer-le-littoral-occidental#breadcrumb\",\"itemListElement\":[{\"@type\":\"ListItem\",\"position\":1,\"name\":\"Home\",\"item\":\"https:\/\/seysvastgoed.be\/\"},{\"@type\":\"ListItem\",\"position\":2,\"name\":\"Vivre en bord de mer \u2013 le littoral occidental\"}]},{\"@type\":\"WebSite\",\"@id\":\"https:\/\/seysvastgoed.be\/#website\",\"url\":\"https:\/\/seysvastgoed.be\/\",\"name\":\"Seys Vastgoed\",\"description\":\"Vinden en verbinden\",\"publisher\":{\"@id\":\"https:\/\/seysvastgoed.be\/#organization\"},\"potentialAction\":[{\"@type\":\"SearchAction\",\"target\":{\"@type\":\"EntryPoint\",\"urlTemplate\":\"https:\/\/seysvastgoed.be\/?s={search_term_string}\"},\"query-input\":{\"@type\":\"PropertyValueSpecification\",\"valueRequired\":true,\"valueName\":\"search_term_string\"}}],\"inLanguage\":\"fr-FR\"},{\"@type\":\"Organization\",\"@id\":\"https:\/\/seysvastgoed.be\/#organization\",\"name\":\"Seys Vastgoed\",\"url\":\"https:\/\/seysvastgoed.be\/\",\"logo\":{\"@type\":\"ImageObject\",\"inLanguage\":\"fr-FR\",\"@id\":\"https:\/\/seysvastgoed.be\/#\/schema\/logo\/image\/\",\"url\":\"https:\/\/seysvastgoed.be\/wp-content\/uploads\/2021\/08\/Seys_Vastgoed-01.svg\",\"contentUrl\":\"https:\/\/seysvastgoed.be\/wp-content\/uploads\/2021\/08\/Seys_Vastgoed-01.svg\",\"width\":709,\"height\":167,\"caption\":\"Seys Vastgoed\"},\"image\":{\"@id\":\"https:\/\/seysvastgoed.be\/#\/schema\/logo\/image\/\"}},{\"@type\":\"Person\",\"@id\":\"https:\/\/seysvastgoed.be\/#\/schema\/person\/22fd2bc16d7f2cfedf0c6d98f00cf1ed\",\"name\":\"alexandra\",\"image\":{\"@type\":\"ImageObject\",\"inLanguage\":\"fr-FR\",\"@id\":\"https:\/\/seysvastgoed.be\/#\/schema\/person\/image\/\",\"url\":\"https:\/\/seysvastgoed.be\/wp-content\/litespeed\/avatar\/e502c88af8ade375f463305b5ea755cc.jpg?ver=1777010703\",\"contentUrl\":\"https:\/\/seysvastgoed.be\/wp-content\/litespeed\/avatar\/e502c88af8ade375f463305b5ea755cc.jpg?ver=1777010703\",\"caption\":\"alexandra\"},\"url\":\"https:\/\/seysvastgoed.be\/fr\/author\/alexandra\"}]}<\/script>\n<!-- \/ Yoast SEO plugin. -->","yoast_head_json":{"title":"Vivre en bord de mer \u2013 le littoral occidental - Seys Vastgoed","robots":{"index":"index","follow":"follow","max-snippet":"max-snippet:-1","max-image-preview":"max-image-preview:large","max-video-preview":"max-video-preview:-1"},"canonical":"https:\/\/seysvastgoed.be\/fr\/vivre-en-bord-de-mer-le-littoral-occidental","og_locale":"fr_FR","og_type":"article","og_title":"Vivre en bord de mer \u2013 le littoral occidental - Seys Vastgoed","og_description":"La c\u00f4te belge regorge de tr\u00e9sors. Au d\u00e9tour de votre recherche du bien id\u00e9al, d\u00e9couvrez les atouts uniques de chaque commune du littoral.","og_url":"https:\/\/seysvastgoed.be\/fr\/vivre-en-bord-de-mer-le-littoral-occidental","og_site_name":"Seys Vastgoed","article_published_time":"2022-01-12T18:36:02+00:00","article_modified_time":"2022-01-12T18:36:03+00:00","og_image":[{"width":2000,"height":1119,"url":"https:\/\/seysvastgoed.be\/wp-content\/uploads\/2021\/09\/residentieel.webp","type":"image\/webp"}],"author":"alexandra","twitter_card":"summary_large_image","twitter_misc":{"\u00c9crit par":"alexandra","Dur\u00e9e de lecture estim\u00e9e":"2 minutes"},"schema":{"@context":"https:\/\/schema.org","@graph":[{"@type":"Article","@id":"https:\/\/seysvastgoed.be\/fr\/vivre-en-bord-de-mer-le-littoral-occidental#article","isPartOf":{"@id":"https:\/\/seysvastgoed.be\/fr\/vivre-en-bord-de-mer-le-littoral-occidental"},"author":{"name":"alexandra","@id":"https:\/\/seysvastgoed.be\/#\/schema\/person\/22fd2bc16d7f2cfedf0c6d98f00cf1ed"},"headline":"Vivre en bord de mer \u2013 le littoral occidental","datePublished":"2022-01-12T18:36:02+00:00","dateModified":"2022-01-12T18:36:03+00:00","mainEntityOfPage":{"@id":"https:\/\/seysvastgoed.be\/fr\/vivre-en-bord-de-mer-le-littoral-occidental"},"wordCount":378,"commentCount":0,"publisher":{"@id":"https:\/\/seysvastgoed.be\/#organization"},"image":{"@id":"https:\/\/seysvastgoed.be\/fr\/vivre-en-bord-de-mer-le-littoral-occidental#primaryimage"},"thumbnailUrl":"https:\/\/seysvastgoed.be\/wp-content\/uploads\/2021\/09\/residentieel.webp","articleSection":["Non classifi\u00e9(e)"],"inLanguage":"fr-FR","potentialAction":[{"@type":"CommentAction","name":"Comment","target":["https:\/\/seysvastgoed.be\/fr\/vivre-en-bord-de-mer-le-littoral-occidental#respond"]}]},{"@type":"WebPage","@id":"https:\/\/seysvastgoed.be\/fr\/vivre-en-bord-de-mer-le-littoral-occidental","url":"https:\/\/seysvastgoed.be\/fr\/vivre-en-bord-de-mer-le-littoral-occidental","name":"Vivre en bord de mer \u2013 le littoral occidental - Seys Vastgoed","isPartOf":{"@id":"https:\/\/seysvastgoed.be\/#website"},"primaryImageOfPage":{"@id":"https:\/\/seysvastgoed.be\/fr\/vivre-en-bord-de-mer-le-littoral-occidental#primaryimage"},"image":{"@id":"https:\/\/seysvastgoed.be\/fr\/vivre-en-bord-de-mer-le-littoral-occidental#primaryimage"},"thumbnailUrl":"https:\/\/seysvastgoed.be\/wp-content\/uploads\/2021\/09\/residentieel.webp","datePublished":"2022-01-12T18:36:02+00:00","dateModified":"2022-01-12T18:36:03+00:00","breadcrumb":{"@id":"https:\/\/seysvastgoed.be\/fr\/vivre-en-bord-de-mer-le-littoral-occidental#breadcrumb"},"inLanguage":"fr-FR","potentialAction":[{"@type":"ReadAction","target":["https:\/\/seysvastgoed.be\/fr\/vivre-en-bord-de-mer-le-littoral-occidental"]}]},{"@type":"ImageObject","inLanguage":"fr-FR","@id":"https:\/\/seysvastgoed.be\/fr\/vivre-en-bord-de-mer-le-littoral-occidental#primaryimage","url":"https:\/\/seysvastgoed.be\/wp-content\/uploads\/2021\/09\/residentieel.webp","contentUrl":"https:\/\/seysvastgoed.be\/wp-content\/uploads\/2021\/09\/residentieel.webp","width":2000,"height":1119},{"@type":"BreadcrumbList","@id":"https:\/\/seysvastgoed.be\/fr\/vivre-en-bord-de-mer-le-littoral-occidental#breadcrumb","itemListElement":[{"@type":"ListItem","position":1,"name":"Home","item":"https:\/\/seysvastgoed.be\/"},{"@type":"ListItem","position":2,"name":"Vivre en bord de mer \u2013 le littoral occidental"}]},{"@type":"WebSite","@id":"https:\/\/seysvastgoed.be\/#website","url":"https:\/\/seysvastgoed.be\/","name":"Seys Vastgoed","description":"Vinden en verbinden","publisher":{"@id":"https:\/\/seysvastgoed.be\/#organization"},"potentialAction":[{"@type":"SearchAction","target":{"@type":"EntryPoint","urlTemplate":"https:\/\/seysvastgoed.be\/?s={search_term_string}"},"query-input":{"@type":"PropertyValueSpecification","valueRequired":true,"valueName":"search_term_string"}}],"inLanguage":"fr-FR"},{"@type":"Organization","@id":"https:\/\/seysvastgoed.be\/#organization","name":"Seys Vastgoed","url":"https:\/\/seysvastgoed.be\/","logo":{"@type":"ImageObject","inLanguage":"fr-FR","@id":"https:\/\/seysvastgoed.be\/#\/schema\/logo\/image\/","url":"https:\/\/seysvastgoed.be\/wp-content\/uploads\/2021\/08\/Seys_Vastgoed-01.svg","contentUrl":"https:\/\/seysvastgoed.be\/wp-content\/uploads\/2021\/08\/Seys_Vastgoed-01.svg","width":709,"height":167,"caption":"Seys Vastgoed"},"image":{"@id":"https:\/\/seysvastgoed.be\/#\/schema\/logo\/image\/"}},{"@type":"Person","@id":"https:\/\/seysvastgoed.be\/#\/schema\/person\/22fd2bc16d7f2cfedf0c6d98f00cf1ed","name":"alexandra","image":{"@type":"ImageObject","inLanguage":"fr-FR","@id":"https:\/\/seysvastgoed.be\/#\/schema\/person\/image\/","url":"https:\/\/seysvastgoed.be\/wp-content\/litespeed\/avatar\/e502c88af8ade375f463305b5ea755cc.jpg?ver=1777010703","contentUrl":"https:\/\/seysvastgoed.be\/wp-content\/litespeed\/avatar\/e502c88af8ade375f463305b5ea755cc.jpg?ver=1777010703","caption":"alexandra"},"url":"https:\/\/seysvastgoed.be\/fr\/author\/alexandra"}]}},"_links":{"self":[{"href":"https:\/\/seysvastgoed.be\/fr\/wp-json\/wp\/v2\/posts\/12191","targetHints":{"allow":["GET"]}}],"collection":[{"href":"https:\/\/seysvastgoed.be\/fr\/wp-json\/wp\/v2\/posts"}],"about":[{"href":"https:\/\/seysvastgoed.be\/fr\/wp-json\/wp\/v2\/types\/post"}],"author":[{"embeddable":true,"href":"https:\/\/seysvastgoed.be\/fr\/wp-json\/wp\/v2\/users\/2"}],"replies":[{"embeddable":true,"href":"https:\/\/seysvastgoed.be\/fr\/wp-json\/wp\/v2\/comments?post=12191"}],"version-history":[{"count":1,"href":"https:\/\/seysvastgoed.be\/fr\/wp-json\/wp\/v2\/posts\/12191\/revisions"}],"predecessor-version":[{"id":12192,"href":"https:\/\/seysvastgoed.be\/fr\/wp-json\/wp\/v2\/posts\/12191\/revisions\/12192"}],"wp:featuredmedia":[{"embeddable":true,"href":"https:\/\/seysvastgoed.be\/fr\/wp-json\/wp\/v2\/media\/10000"}],"wp:attachment":[{"href":"https:\/\/seysvastgoed.be\/fr\/wp-json\/wp\/v2\/media?parent=12191"}],"wp:term":[{"taxonomy":"category","embeddable":true,"href":"https:\/\/seysvastgoed.be\/fr\/wp-json\/wp\/v2\/categories?post=12191"},{"taxonomy":"post_tag","embeddable":true,"href":"https:\/\/seysvastgoed.be\/fr\/wp-json\/wp\/v2\/tags?post=12191"}],"curies":[{"name":"wp","href":"https:\/\/api.w.org\/{rel}","templated":true}]}}